{"id":2005,"__str__":"Parecer da C. de Legisla\u00e7\u00e3o, Justi\u00e7a e Red. n\u00ba 14 de 2025 | Mat\u00e9ria inclusa na Ordem do Dia | 03/06/2025","link_detail_backend":"/materia/tramitacao/2005","metadata":{},"timestamp":"2025-06-10T07:48:06.460711-03:00","data_tramitacao":"2025-06-03","data_encaminhamento":null,"urgente":false,"turno":"","texto":"Inclu\u00eddo na Ordem do Dia da 10\u00aa Reuni\u00e3o Extraordin\u00e1ria. (A 10\u00aa Reuni\u00e3o foi cancelada por motivo de luto, conforme of\u00edcio CMC 152/2025). Portanto o Projeto de Lei Ordin\u00e1ria ir\u00e1 compor a Pauta da Ordem do Dia da 10\u00aa Reuni\u00e3o ordin\u00e1ria no dia 10/06/2025.","data_fim_prazo":null,"ip":"131.0.249.139","ultima_edicao":"2025-06-10T12:08:29.547025-03:00","status":53,"materia":492,"unidade_tramitacao_local":13,"unidade_tramitacao_destino":15,"user":25}