{"id":143,"__str__":"Projeto de Lei Complementar n\u00ba 6 de 2023","link_detail_backend":"/materia/143","metadata":{},"numero":6,"ano":2023,"numero_protocolo":null,"data_apresentacao":"2023-05-09","tipo_apresentacao":"E","data_publicacao":null,"numero_origem_externa":"","ano_origem_externa":null,"data_origem_externa":null,"apelido":"","dias_prazo":null,"data_fim_prazo":null,"em_tramitacao":false,"polemica":false,"objeto":"","complementar":false,"ementa":"ALTERA A LEI COMPLEMENTAR N\u00b0 001, DE 05 DE ABRIL DE 1995, QUE DISP\u00d5E SOBRE A CRIA\u00c7\u00c3O E REESTRUTURA\u00c7\u00c3O DE EMPREGOS DE CARREIA DA PREFEITURA MUNICIPAL DE CAPIT\u00d3LIO/MG E D\u00c1 OUTRAS PROVID\u00caNCIAS.","indexacao":"creche reestrutura\u00e7\u00e3o auxiliar emprego educa\u00e7\u00e3o","observacao":"","resultado":"","texto_original":"http://sapl.capitolio.mg.leg.br/media/sapl/public/materialegislativa/2023/143/pl_complementar_006_2023_-_reduz_carga_hoararia_auxiliar_creche.pdf","data_ultima_atualizacao":"2024-06-10T14:04:33.209532-03:00","ip":"131.0.249.139","ultima_edicao":"2024-06-04T09:03:31.692803-03:00","tipo":11,"regime_tramitacao":2,"tipo_origem_externa":null,"local_origem_externa":null,"user":2,"anexadas":[],"autores":[14]}