{"id":894,"__str__":"Parecer Jur\u00eddico - PLO 23/2026 de 25/03/2026 por Dr. Rog\u00e9rio Marcelino Alves","link_detail_backend":"/materia/documentoacessorio/894","metadata":{},"nome":"PLO 23/2026","data":"2026-03-25","autor":"Dr. Rog\u00e9rio Marcelino Alves","ementa":"Parecer jur\u00eddico ao Projeto de Lei Ordin\u00e1ria n\u00ba 23/2026.","indexacao":"","arquivo":"http://sapl.capitolio.mg.leg.br/media/sapl/public/documentoacessorio/2026/894/003_-_pl_ordinaria_023_2026_-_parecer_juridico.pdf","data_ultima_atualizacao":"2026-03-25T08:02:38.463771-03:00","materia":1043,"tipo":9}