{"id":529,"__str__":"Parecer Jur\u00eddico - PLO 059/2025 de 29/08/2025 por Dr. Rog\u00e9rio Marcelino Alves","link_detail_backend":"/materia/documentoacessorio/529","metadata":{"signs":{"arquivo":{"admin":[],"autores":[["Rogerio Marcelino Alves",["2025-08-28T14:06:08-03:00","ICP-Brasil"]]]}}},"nome":"PLO 059/2025","data":"2025-08-29","autor":"Dr. Rog\u00e9rio Marcelino Alves","ementa":"Parecer jur\u00eddico ao Projeto de Lei Ordin\u00e1ria n\u00ba 059/2025","indexacao":"","arquivo":"http://sapl.capitolio.mg.leg.br/media/sapl/public/documentoacessorio/2025/529/003_-_pl_ordinaria_059_2025_-_parecer_juridico.pdf","data_ultima_atualizacao":"2025-08-29T12:35:30.128876-03:00","materia":616,"tipo":9}