{"id":508,"__str__":"Parecer Cont\u00e1bil - Parecer Cont\u00e1bil PRes 008/2025 de 10/07/2025 por Planej Associados ltda.","link_detail_backend":"/materia/documentoacessorio/508","metadata":{"signs":{"arquivo":{"admin":[],"autores":[["Leonardo Souza Franco",["2025-07-10T00:24:58-03:00","Gov-Br"]],["Nome do Assinante N\u00e3o Localizado.",["2025-07-10T08:33:59-03:00","AC CERTIFICA MINAS V5"]]]}}},"nome":"Parecer Cont\u00e1bil PRes 008/2025","data":"2025-07-10","autor":"Planej Associados ltda.","ementa":"Parecer cont\u00e1bil ao Projeto de Resolu\u00e7\u00e3o n\u00ba 008/2025","indexacao":"","arquivo":"http://sapl.capitolio.mg.leg.br/media/sapl/public/documentoacessorio/2025/508/003_-_p_resolucao_008_2025_-_parecer_contabil.pdf","data_ultima_atualizacao":"2025-07-10T12:34:31.113257-03:00","materia":553,"tipo":10}