{"id":464,"__str__":"Parecer Cont\u00e1bil - Parecer Cont\u00e1bil 038/2025 de 19/05/2025 por Planej Associados ltda.","link_detail_backend":"/materia/documentoacessorio/464","metadata":{"signs":{"arquivo":{"admin":[],"autores":[["Leonardo Souza Franco",["2025-05-15T11:45:53-03:00","Gov-Br"]],["Vinicius Hilario Rodrigues",["2025-05-16T09:14:02-03:00","ICP-Brasil - Certificado PF A3"]]]}}},"nome":"Parecer Cont\u00e1bil 038/2025","data":"2025-05-19","autor":"Planej Associados ltda.","ementa":"Parecer cont\u00e1bil ao Projeto de Lei Ordin\u00e1ria n\u00ba 038/2025","indexacao":"","arquivo":"http://sapl.capitolio.mg.leg.br/media/sapl/public/documentoacessorio/2025/464/002_-_pl_ordinaria_038_2025_-_parecer_contabil.pdf","data_ultima_atualizacao":"2025-05-19T17:15:43.850947-03:00","materia":431,"tipo":10}