{"id":463,"__str__":"Parecer Jur\u00eddico - Parecer jur\u00eddico 063/2025 de 16/05/2025 por Dr. Rog\u00e9rio Marcelino Alves","link_detail_backend":"/materia/documentoacessorio/463","metadata":{"signs":{"arquivo":{"admin":[],"autores":[["Rogerio Marcelino Alves",["2025-05-16T10:29:25-03:00","ICP-Brasil"]]]}}},"nome":"Parecer jur\u00eddico 063/2025","data":"2025-05-16","autor":"Dr. Rog\u00e9rio Marcelino Alves","ementa":"Parecer jur\u00eddico ao Projeto de Lei Ordin\u00e1ria n\u00ba 038/2025","indexacao":"","arquivo":"http://sapl.capitolio.mg.leg.br/media/sapl/public/documentoacessorio/2025/463/003_-_pl_ordinaria_038_2025_-_parecer_juridico.pdf","data_ultima_atualizacao":"2025-05-19T17:14:13.914653-03:00","materia":431,"tipo":9}