{"id":458,"__str__":"Parecer Jur\u00eddico - Parecer jur\u00eddico n\u00ba 62/2025 de 29/04/2025 por Dr. Rog\u00e9rio Marcelino Alves","link_detail_backend":"/materia/documentoacessorio/458","metadata":{"signs":{"arquivo":{"admin":[],"autores":[["Rogerio Marcelino Alves",["2025-04-30T10:45:19-03:00","ICP-Brasil"]]]}}},"nome":"Parecer jur\u00eddico n\u00ba 62/2025","data":"2025-04-29","autor":"Dr. Rog\u00e9rio Marcelino Alves","ementa":"Parecer jur\u00eddico ao Projeto de Lei Ordin\u00e1ria n\u00ba 037/2025","indexacao":"","arquivo":"http://sapl.capitolio.mg.leg.br/media/sapl/public/documentoacessorio/2025/458/002_-_pl_ordinaria_037_2025_-_parecer_juridico.pdf","data_ultima_atualizacao":"2025-05-05T10:25:14.022556-03:00","materia":430,"tipo":9}